{"id":516,"date":"2023-02-10T12:30:38","date_gmt":"2023-02-10T11:30:38","guid":{"rendered":"https:\/\/www.tsv-staffelstein.de\/faustball\/?p=516"},"modified":"2023-02-10T12:39:18","modified_gmt":"2023-02-10T11:39:18","slug":"ergebnisse-der-hallensaison-22-23","status":"publish","type":"post","link":"https:\/\/www.tsv-staffelstein.de\/faustball\/2023\/02\/10\/ergebnisse-der-hallensaison-22-23\/","title":{"rendered":"Ergebnisse der Hallensaison 22\/23 und Ank\u00fcndigung des letzten Spieltages der M\u00e4nner 2"},"content":{"rendered":"\t\t<div data-elementor-type=\"wp-post\" data-elementor-id=\"516\" class=\"elementor elementor-516\">\n\t\t\t\t\t\t<section class=\"elementor-section elementor-top-section elementor-element elementor-element-e278768 elementor-section-boxed elementor-section-height-default elementor-section-height-default\" data-id=\"e278768\" data-element_type=\"section\" data-e-type=\"section\">\n\t\t\t\t\t\t<div class=\"elementor-container elementor-column-gap-default\">\n\t\t\t\t\t<div class=\"elementor-column elementor-col-100 elementor-top-column elementor-element elementor-element-6da156f\" data-id=\"6da156f\" data-element_type=\"column\" data-e-type=\"column\">\n\t\t\t<div class=\"elementor-widget-wrap elementor-element-populated\">\n\t\t\t\t\t\t<div class=\"elementor-element elementor-element-42e40eb elementor-widget elementor-widget-text-editor\" data-id=\"42e40eb\" data-element_type=\"widget\" data-e-type=\"widget\" data-widget_type=\"text-editor.default\">\n\t\t\t\t<div class=\"elementor-widget-container\">\n\t\t\t\t\t\t\t\t\t<p>Die Hallensaison 22\/23 ist bereits f\u00fcr die meisten der Mannschaften des TSV Staffelstein beendet.<\/p><ul><li>Mit einem <strong>dritten Platz<\/strong> beendet die <strong>U12 mixed<\/strong> die Saison in der Bezirksliga Oberfranken \/ Oberpfalz Ost, die <strong>U16 weiblich<\/strong> auf dem <strong>vierten Platz<\/strong> in der gleichen Liga.\u00a0<\/li><li>Die <strong>m\u00e4nnliche U16<\/strong> geht als <strong>Tabellenf\u00fchrer<\/strong> der Bezirksliga Oberfranken <span style=\"color: var( --e-global-color-text )\">in die Pause bis zur Sommersaison.<\/span><\/li><li><span style=\"font-family: Roboto, sans-serif;font-size: 18px;font-style: normal;font-weight: 400\">Die <strong>M\u00e4nner 1<\/strong> erreichen in der Bayernliga den <strong>sechsten Platz <\/strong>und liegen somit im Mittelfeld.\u00a0<\/span><span style=\"color: var( --e-global-color-text )\"><br \/><\/span><\/li><li>Ebenfalls auf dem <strong>sechsten und somit leider auch letzten Platz<\/strong> der Bayernliga schlie\u00dfen die <strong>Frauen 2<\/strong> die Saison ab.\u00a0<\/li><li>Die <strong>Frauen 1<\/strong> erreichen den <strong>dritten Platz<\/strong> der 2. Bundesliga S\u00fcd und treten somit Ende des Monats um den Aufstieg in die 1. Bundesliga S\u00fcd an &#8211; wir dr\u00fccken alle Daumen f\u00fcr die Aufstiegsspiele!\u00a0<\/li><\/ul><p>Auch f\u00fcr die <strong>M\u00e4nner 2<\/strong> ist die Saison in der Bezirksliga noch nicht beendet &#8211; am <strong>19.02.2023<\/strong> findet noch die <strong>Ausspielung<\/strong> der Pl\u00e4tze mit allen Mannschaften vor heimischem Publikum statt. <strong>Beginn ist um 10:00 Uhr in der Adam-Riese-Halle Bad Staffelstein<\/strong>. Wir freuen uns auf zahlreiche Zuschauer!\u00a0<\/p>\t\t\t\t\t\t\t\t<\/div>\n\t\t\t\t<\/div>\n\t\t\t\t\t<\/div>\n\t\t<\/div>\n\t\t\t\t\t<\/div>\n\t\t<\/section>\n\t\t\t\t<section class=\"elementor-section elementor-top-section elementor-element elementor-element-90733ce elementor-section-boxed elementor-section-height-default elementor-section-height-default\" data-id=\"90733ce\" data-element_type=\"section\" data-e-type=\"section\">\n\t\t\t\t\t\t<div class=\"elementor-container elementor-column-gap-default\">\n\t\t\t\t\t<div class=\"elementor-column elementor-col-100 elementor-top-column elementor-element elementor-element-db340d9\" data-id=\"db340d9\" data-element_type=\"column\" data-e-type=\"column\">\n\t\t\t<div class=\"elementor-widget-wrap elementor-element-populated\">\n\t\t\t\t\t\t<div class=\"elementor-element elementor-element-ad24f7b elementor-widget elementor-widget-image\" data-id=\"ad24f7b\" data-element_type=\"widget\" data-e-type=\"widget\" data-widget_type=\"image.default\">\n\t\t\t\t<div class=\"elementor-widget-container\">\n\t\t\t\t\t\t\t\t\t\t\t\t\t\t\t<img decoding=\"async\" src=\"https:\/\/www.tsv-staffelstein.de\/wp-content\/uploads\/2023\/02\/DSC_0670_2.jpg\" title=\"\" alt=\"\" loading=\"lazy\" \/>\t\t\t\t\t\t\t\t\t\t\t\t\t\t\t<\/div>\n\t\t\t\t<\/div>\n\t\t\t\t\t<\/div>\n\t\t<\/div>\n\t\t\t\t\t<\/div>\n\t\t<\/section>\n\t\t\t\t<\/div>\n\t\t","protected":false},"excerpt":{"rendered":"<p>Die Hallensaison 22\/23 ist bereits f\u00fcr die meisten der Mannschaften des TSV Staffelstein beendet. Mit einem dritten Platz beendet die U12 mixed die Saison in der Bezirksliga Oberfranken \/ Oberpfalz Ost, die U16 weiblich&#46;&#46;&#46;<\/p>\n","protected":false},"author":25,"featured_media":0,"comment_status":"closed","ping_status":"closed","sticky":false,"template":"","format":"standard","meta":{"footnotes":""},"categories":[1],"tags":[],"post_folder":[],"class_list":["post-516","post","type-post","status-publish","format-standard","hentry","category-allgemein"],"_links":{"self":[{"href":"https:\/\/www.tsv-staffelstein.de\/faustball\/wp-json\/wp\/v2\/posts\/516","targetHints":{"allow":["GET"]}}],"collection":[{"href":"https:\/\/www.tsv-staffelstein.de\/faustball\/wp-json\/wp\/v2\/posts"}],"about":[{"href":"https:\/\/www.tsv-staffelstein.de\/faustball\/wp-json\/wp\/v2\/types\/post"}],"author":[{"embeddable":true,"href":"https:\/\/www.tsv-staffelstein.de\/faustball\/wp-json\/wp\/v2\/users\/25"}],"replies":[{"embeddable":true,"href":"https:\/\/www.tsv-staffelstein.de\/faustball\/wp-json\/wp\/v2\/comments?post=516"}],"version-history":[{"count":18,"href":"https:\/\/www.tsv-staffelstein.de\/faustball\/wp-json\/wp\/v2\/posts\/516\/revisions"}],"predecessor-version":[{"id":534,"href":"https:\/\/www.tsv-staffelstein.de\/faustball\/wp-json\/wp\/v2\/posts\/516\/revisions\/534"}],"wp:attachment":[{"href":"https:\/\/www.tsv-staffelstein.de\/faustball\/wp-json\/wp\/v2\/media?parent=516"}],"wp:term":[{"taxonomy":"category","embeddable":true,"href":"https:\/\/www.tsv-staffelstein.de\/faustball\/wp-json\/wp\/v2\/categories?post=516"},{"taxonomy":"post_tag","embeddable":true,"href":"https:\/\/www.tsv-staffelstein.de\/faustball\/wp-json\/wp\/v2\/tags?post=516"},{"taxonomy":"post_folder","embeddable":true,"href":"https:\/\/www.tsv-staffelstein.de\/faustball\/wp-json\/wp\/v2\/post_folder?post=516"}],"curies":[{"name":"wp","href":"https:\/\/api.w.org\/{rel}","templated":true}]}}