{"id":767,"date":"2024-01-22T21:43:55","date_gmt":"2024-01-22T20:43:55","guid":{"rendered":"https:\/\/www.tsv-staffelstein.de\/faustball\/?p=767"},"modified":"2024-01-22T22:38:44","modified_gmt":"2024-01-22T21:38:44","slug":"elementor-767","status":"publish","type":"post","link":"https:\/\/www.tsv-staffelstein.de\/faustball\/2024\/01\/22\/elementor-767\/","title":{"rendered":"Damen 1 steigen auch in der Halle in die 1. Bundesliga auf"},"content":{"rendered":"\t\t<div data-elementor-type=\"wp-post\" data-elementor-id=\"767\" class=\"elementor elementor-767\">\n\t\t\t\t\t\t<section class=\"elementor-section elementor-top-section elementor-element elementor-element-c8dae78 elementor-section-boxed elementor-section-height-default elementor-section-height-default\" data-id=\"c8dae78\" data-element_type=\"section\" data-e-type=\"section\">\n\t\t\t\t\t\t<div class=\"elementor-container elementor-column-gap-default\">\n\t\t\t\t\t<div class=\"elementor-column elementor-col-100 elementor-top-column elementor-element elementor-element-b975427\" data-id=\"b975427\" data-element_type=\"column\" data-e-type=\"column\">\n\t\t\t<div class=\"elementor-widget-wrap elementor-element-populated\">\n\t\t\t\t\t\t<div class=\"elementor-element elementor-element-46856c2 elementor-widget elementor-widget-text-editor\" data-id=\"46856c2\" data-element_type=\"widget\" data-e-type=\"widget\" data-widget_type=\"text-editor.default\">\n\t\t\t\t<div class=\"elementor-widget-container\">\n\t\t\t\t\t\t\t\t\t<p>Wir sind auch in der n\u00e4chsten Hallensaison ERSTKLASSIG!!!<img decoding=\"async\" class=\"emoji\" role=\"img\" src=\"https:\/\/s.w.org\/images\/core\/emoji\/14.0.0\/svg\/2764-fe0f-200d-1f525.svg\" alt=\"\u2764\ufe0f\u200d\ud83d\udd25\" \/><img decoding=\"async\" class=\"emoji\" role=\"img\" src=\"https:\/\/s.w.org\/images\/core\/emoji\/14.0.0\/svg\/2764-fe0f-200d-1f525.svg\" alt=\"\u2764\ufe0f\u200d\ud83d\udd25\" \/><img decoding=\"async\" class=\"emoji\" role=\"img\" src=\"https:\/\/s.w.org\/images\/core\/emoji\/14.0.0\/svg\/2764-fe0f-200d-1f525.svg\" alt=\"\u2764\ufe0f\u200d\ud83d\udd25\" \/><\/p><p>Unsere Damen schafften am gestrigen Sonntag eine Premiere f\u00fcr den Verein. Nachdem die M\u00e4dels schon nach der letzten Sommersaison in die 1. Bundesliga aufgestiegen sind, d\u00fcrfen sie nun auch in der n\u00e4chsten Hallensaison im Oberhaus mithalten <img decoding=\"async\" class=\"emoji\" role=\"img\" src=\"https:\/\/s.w.org\/images\/core\/emoji\/14.0.0\/svg\/1f60d.svg\" alt=\"\ud83d\ude0d\" \/><img decoding=\"async\" class=\"emoji\" role=\"img\" src=\"https:\/\/s.w.org\/images\/core\/emoji\/14.0.0\/svg\/1f60d.svg\" alt=\"\ud83d\ude0d\" \/><\/p><p>Nach langer Anreise nach Radibor starteten unsere Damen in das erste Spiel gegen die Gastgeberinnen vom SV Kubsch\u00fctz. Das Spiel war erneut eines auf Augenh\u00f6he. Obwohl unsere M\u00e4dels die ersten beiden S\u00e4tze gewinnen konnten, zeigten die Kubsch\u00fctzerinnen vor allem im dritten und vierten Satz ihr K\u00f6nnen. Durch starke Angriffe und viele kurze B\u00e4lle mussten wir hier zwei S\u00e4tze an die Gegnerinnen abgeben. Es ging in den entscheidenden f\u00fcnften Satz. Von den zahlreichen und lautstarken Fans vom SV Kubsch\u00fctz lie\u00dfen sich unsere M\u00e4dels nicht aus der Ruhe bringen. Mit starken Abwehraktionen, sicherem Spielaufbau und gezielten Angriffen konnte durch Teamwork der letzte Satz gewonnen werden! Ganz gro\u00dfe Klasse, M\u00e4dels! <img decoding=\"async\" class=\"emoji\" role=\"img\" src=\"https:\/\/s.w.org\/images\/core\/emoji\/14.0.0\/svg\/1f4aa-1f3fc.svg\" alt=\"\ud83d\udcaa\ud83c\udffc\" \/><img decoding=\"async\" class=\"emoji\" role=\"img\" src=\"https:\/\/s.w.org\/images\/core\/emoji\/14.0.0\/svg\/1f929.svg\" alt=\"\ud83e\udd29\" \/><\/p><p>Das zweite Spiel gegen die Damen vom TV Oberndorf zeigte ein eindeutiges Ergebnis. Ohne Eigenfehler konnte unsere Abwehr die B\u00e4lle entsch\u00e4rfen und unsere Angreiferinnen konnten durch starke Aktionen und durch perfektes Zuspiel immer wieder punkten. Das Spiel konnte dementsprechend in drei S\u00e4tzen auf unser Konto verbucht werden <img decoding=\"async\" class=\"emoji\" role=\"img\" src=\"https:\/\/s.w.org\/images\/core\/emoji\/14.0.0\/svg\/1f525.svg\" alt=\"\ud83d\udd25\" \/><\/p><p>Damit stand fest: Der TSV Staffelstein sichert sich Tabellenplatz 2. Da der SV Tannheim wie auch alle weiteren Mannschaften aus der 2. Bundesliga West auf den Aufstieg verzichten, steigen wir direkt und ohne Aufstiegsrunde in die 1. Bundesliga S\u00fcd auf!<img decoding=\"async\" class=\"emoji\" role=\"img\" src=\"https:\/\/s.w.org\/images\/core\/emoji\/14.0.0\/svg\/1f973.svg\" alt=\"\ud83e\udd73\" \/><img decoding=\"async\" class=\"emoji\" role=\"img\" src=\"https:\/\/s.w.org\/images\/core\/emoji\/14.0.0\/svg\/1f973.svg\" alt=\"\ud83e\udd73\" \/><img decoding=\"async\" class=\"emoji\" role=\"img\" src=\"https:\/\/s.w.org\/images\/core\/emoji\/14.0.0\/svg\/1f973.svg\" alt=\"\ud83e\udd73\" \/><\/p><p>Wir sind unglaublich stolz auf euch, M\u00e4dels<img decoding=\"async\" class=\"emoji\" role=\"img\" src=\"https:\/\/s.w.org\/images\/core\/emoji\/14.0.0\/svg\/2757.svg\" alt=\"\u2757\ufe0f\" \/>Ihr seid der absolute Wahnsinn und habt es euch mehr als verdient <img decoding=\"async\" class=\"emoji\" role=\"img\" src=\"https:\/\/s.w.org\/images\/core\/emoji\/14.0.0\/svg\/1f970.svg\" alt=\"\ud83e\udd70\" \/> \u2665\ufe0f-lichen Gl\u00fcckwunsch!!!<\/p><p>Herzlichen Gl\u00fcckwunsch auch an die M\u00e4dels vom ASV Veitsbronn! Wir freuen uns auf die Erstligasaison mit euch! <img decoding=\"async\" class=\"emoji\" role=\"img\" src=\"https:\/\/s.w.org\/images\/core\/emoji\/14.0.0\/svg\/1faf6-1f3fc.svg\" alt=\"\ud83e\udef6\ud83c\udffc\" \/><img decoding=\"async\" class=\"emoji\" role=\"img\" src=\"https:\/\/s.w.org\/images\/core\/emoji\/14.0.0\/svg\/2728.svg\" alt=\"\u2728\" \/>\u00a0<\/p>\t\t\t\t\t\t\t\t<\/div>\n\t\t\t\t<\/div>\n\t\t\t\t\t<\/div>\n\t\t<\/div>\n\t\t\t\t\t<\/div>\n\t\t<\/section>\n\t\t\t\t<\/div>\n\t\t","protected":false},"excerpt":{"rendered":"<p>Wir sind auch in der n\u00e4chsten Hallensaison ERSTKLASSIG!!! Unsere Damen schafften am gestrigen Sonntag eine Premiere f\u00fcr den Verein. Nachdem die M\u00e4dels schon nach der letzten Sommersaison in die 1. Bundesliga aufgestiegen sind, d\u00fcrfen&#46;&#46;&#46;<\/p>\n","protected":false},"author":25,"featured_media":0,"comment_status":"closed","ping_status":"closed","sticky":false,"template":"","format":"standard","meta":{"footnotes":""},"categories":[1],"tags":[],"post_folder":[],"class_list":["post-767","post","type-post","status-publish","format-standard","hentry","category-allgemein"],"_links":{"self":[{"href":"https:\/\/www.tsv-staffelstein.de\/faustball\/wp-json\/wp\/v2\/posts\/767","targetHints":{"allow":["GET"]}}],"collection":[{"href":"https:\/\/www.tsv-staffelstein.de\/faustball\/wp-json\/wp\/v2\/posts"}],"about":[{"href":"https:\/\/www.tsv-staffelstein.de\/faustball\/wp-json\/wp\/v2\/types\/post"}],"author":[{"embeddable":true,"href":"https:\/\/www.tsv-staffelstein.de\/faustball\/wp-json\/wp\/v2\/users\/25"}],"replies":[{"embeddable":true,"href":"https:\/\/www.tsv-staffelstein.de\/faustball\/wp-json\/wp\/v2\/comments?post=767"}],"version-history":[{"count":12,"href":"https:\/\/www.tsv-staffelstein.de\/faustball\/wp-json\/wp\/v2\/posts\/767\/revisions"}],"predecessor-version":[{"id":779,"href":"https:\/\/www.tsv-staffelstein.de\/faustball\/wp-json\/wp\/v2\/posts\/767\/revisions\/779"}],"wp:attachment":[{"href":"https:\/\/www.tsv-staffelstein.de\/faustball\/wp-json\/wp\/v2\/media?parent=767"}],"wp:term":[{"taxonomy":"category","embeddable":true,"href":"https:\/\/www.tsv-staffelstein.de\/faustball\/wp-json\/wp\/v2\/categories?post=767"},{"taxonomy":"post_tag","embeddable":true,"href":"https:\/\/www.tsv-staffelstein.de\/faustball\/wp-json\/wp\/v2\/tags?post=767"},{"taxonomy":"post_folder","embeddable":true,"href":"https:\/\/www.tsv-staffelstein.de\/faustball\/wp-json\/wp\/v2\/post_folder?post=767"}],"curies":[{"name":"wp","href":"https:\/\/api.w.org\/{rel}","templated":true}]}}