{"id":355,"date":"2023-08-02T19:51:46","date_gmt":"2023-08-02T17:51:46","guid":{"rendered":"https:\/\/www.tsv-staffelstein.de\/leichtathletik\/?p=355"},"modified":"2023-08-02T20:22:44","modified_gmt":"2023-08-02T18:22:44","slug":"noah-moeller-laeuft-mit-deutschem-rekord-zum-meistertitel","status":"publish","type":"post","link":"https:\/\/www.tsv-staffelstein.de\/leichtathletik\/2023\/08\/02\/noah-moeller-laeuft-mit-deutschem-rekord-zum-meistertitel\/","title":{"rendered":"Noah M\u00f6ller l\u00e4uft mit deutschem Rekord zum Meistertitel"},"content":{"rendered":"\n<p>Bei den Deutschen Meisterschaften der U16 l\u00e4uft Noah M\u00f6ller mit einer Fabelzeit von 04:26:20min auf den 1500m Hindernis nicht nur zum deutschen Meistertitel, er verbessert auch den 41 Jahre alten Rekord aus dem Jahre 1982 um mehr als zwei Sekunden. <\/p>\n\n\n\n<p><strong>Nicht als Favorit angereist<\/strong><\/p>\n\n\n\n<p>F\u00fcr Noah M\u00f6ller, der nicht als Favorit nach Stuttgart zu den deutschen Meisterschaften der U16 fuhr, war es seine erste deutsche Meisterschaft. Von Beginn an positionierte sich der Staffelsteiner hinter dem schnellsten gemeldeten L\u00e4ufer Lennox Gyulai von der SG Lok. Hainsberg , um von dort aus auf der letzten Runde den Schlussspurt zu z\u00fcnden. Seine Taktik musste M\u00f6ller am ersten Hindernis, dem Wassergraben, \u00e4ndern, da Gyulai dort Probleme hatte und dem Tempo von M\u00f6ller nicht mehr folgen konnte. <\/p>\n\n\n\n<p>Von diesem Zeitpunkt an lief M\u00f6ller an der Spitze ein mutiges Rennen und setzte sich in jeder Runde ein wenig mehr vom Hauptfeld ab. Auf der letzten Runde kurz nach dem Wassergraben hatte er seinen Vorsprung bereits auf 25 Meter ausgebaut und er riskierte einen Blick nach hinten. Mit sieben Sekunden Vorsprung zum Zweitplatzierten Gyulai lief der frisch gebackene deutsche Meister ins Ziel. <\/p>\n\n\n\n<figure class=\"wp-block-image size-large\"><img fetchpriority=\"high\" decoding=\"async\" width=\"767\" height=\"1024\" src=\"https:\/\/www.tsv-staffelstein.de\/leichtathletik\/wp-content\/uploads\/sites\/8\/2023\/08\/IMG_20230729_132431_4_3-767x1024.jpg\" alt=\"\" class=\"wp-image-359\" srcset=\"https:\/\/www.tsv-staffelstein.de\/leichtathletik\/wp-content\/uploads\/sites\/8\/2023\/08\/IMG_20230729_132431_4_3-767x1024.jpg 767w, https:\/\/www.tsv-staffelstein.de\/leichtathletik\/wp-content\/uploads\/sites\/8\/2023\/08\/IMG_20230729_132431_4_3-225x300.jpg 225w, https:\/\/www.tsv-staffelstein.de\/leichtathletik\/wp-content\/uploads\/sites\/8\/2023\/08\/IMG_20230729_132431_4_3-768x1026.jpg 768w, https:\/\/www.tsv-staffelstein.de\/leichtathletik\/wp-content\/uploads\/sites\/8\/2023\/08\/IMG_20230729_132431_4_3.jpg 888w\" sizes=\"(max-width: 767px) 100vw, 767px\" \/><\/figure>\n\n\n\n<p><strong>Eltern, Freunde und Trainer fiebern live mit<\/strong><\/p>\n\n\n\n<p>Seine Eltern, sein Techniktrainer und Onkel und seine mitgereisten Freunde fieberten kr\u00e4ftig mit. Letztere sorgten \u00fcberdies f\u00fcr eine Live\u00fcbertragung des Rennens auf Noahs Instagram-Kanal. Mit diesem spannenden Rennen und dem neuen deutschen Rekord konnten sowohl Noahs Landes- als auch Heimtrainer mehr als zufrieden sein, zumal beide die Bef\u00fcrchtung hatten, dass er der fr\u00fchen F\u00fchrungsarbeit und dem hohen Anfangstempo zum Ende hin Tribut zollen w\u00fcrde. <\/p>\n\n\n\n<figure class=\"wp-block-gallery has-nested-images columns-default is-cropped wp-block-gallery-2 is-layout-flex wp-block-gallery-is-layout-flex\">\n<figure class=\"wp-block-image size-large\"><img decoding=\"async\" width=\"1024\" height=\"759\" data-id=\"360\" src=\"https:\/\/www.tsv-staffelstein.de\/leichtathletik\/wp-content\/uploads\/sites\/8\/2023\/08\/IMG_20230729_133309-1-1024x759.jpg\" alt=\"\" class=\"wp-image-360\" srcset=\"https:\/\/www.tsv-staffelstein.de\/leichtathletik\/wp-content\/uploads\/sites\/8\/2023\/08\/IMG_20230729_133309-1-1024x759.jpg 1024w, https:\/\/www.tsv-staffelstein.de\/leichtathletik\/wp-content\/uploads\/sites\/8\/2023\/08\/IMG_20230729_133309-1-300x222.jpg 300w, https:\/\/www.tsv-staffelstein.de\/leichtathletik\/wp-content\/uploads\/sites\/8\/2023\/08\/IMG_20230729_133309-1-768x569.jpg 768w, https:\/\/www.tsv-staffelstein.de\/leichtathletik\/wp-content\/uploads\/sites\/8\/2023\/08\/IMG_20230729_133309-1-1536x1139.jpg 1536w, https:\/\/www.tsv-staffelstein.de\/leichtathletik\/wp-content\/uploads\/sites\/8\/2023\/08\/IMG_20230729_133309-1-2048x1518.jpg 2048w\" sizes=\"(max-width: 1024px) 100vw, 1024px\" \/><\/figure>\n<\/figure>\n\n\n\n<p><\/p>\n\n\n\n<p>Nach der Siegerehrung zum Deutschen Meistertitel \u00fcber die 1500mH gratulierte der DLV-Nachwuchs-Bundestrainer Marc Kowalinski und \u00fcbergab M\u00f6ller den Aufnahmebogen f\u00fcr den Bundeskader. Noah M\u00f6ller ist somit der erster L\u00e4ufer des TSV 1860 Staffelstein mit deutschem Rekord und deutschem Meistertitel (und einem Platz im Bundeskader).<\/p>\n\n\n\n<p> <\/p>\n","protected":false},"excerpt":{"rendered":"<p>Bei den Deutschen Meisterschaften der U16 l\u00e4uft Noah M\u00f6ller mit einer Fabelzeit von 04:26:20min auf den 1500m Hindernis nicht nur zum deutschen Meistertitel, er verbessert auch den 41 Jahre alten Rekord aus dem Jahre&#46;&#46;&#46;<\/p>\n","protected":false},"author":26,"featured_media":359,"comment_status":"closed","ping_status":"closed","sticky":true,"template":"","format":"standard","meta":{"footnotes":""},"categories":[1,12],"tags":[17,15,16,18,13,14,19,20],"post_folder":[],"class_list":["post-355","post","type-post","status-publish","format-standard","has-post-thumbnail","hentry","category-allgemein","category-news","tag-1500mh","tag-deutsche-meisterschaft","tag-deutscher-meister","tag-leichtathletik","tag-noah-moeller","tag-rekord","tag-stuttgart","tag-u16"],"_links":{"self":[{"href":"https:\/\/www.tsv-staffelstein.de\/leichtathletik\/wp-json\/wp\/v2\/posts\/355","targetHints":{"allow":["GET"]}}],"collection":[{"href":"https:\/\/www.tsv-staffelstein.de\/leichtathletik\/wp-json\/wp\/v2\/posts"}],"about":[{"href":"https:\/\/www.tsv-staffelstein.de\/leichtathletik\/wp-json\/wp\/v2\/types\/post"}],"author":[{"embeddable":true,"href":"https:\/\/www.tsv-staffelstein.de\/leichtathletik\/wp-json\/wp\/v2\/users\/26"}],"replies":[{"embeddable":true,"href":"https:\/\/www.tsv-staffelstein.de\/leichtathletik\/wp-json\/wp\/v2\/comments?post=355"}],"version-history":[{"count":2,"href":"https:\/\/www.tsv-staffelstein.de\/leichtathletik\/wp-json\/wp\/v2\/posts\/355\/revisions"}],"predecessor-version":[{"id":363,"href":"https:\/\/www.tsv-staffelstein.de\/leichtathletik\/wp-json\/wp\/v2\/posts\/355\/revisions\/363"}],"wp:featuredmedia":[{"embeddable":true,"href":"https:\/\/www.tsv-staffelstein.de\/leichtathletik\/wp-json\/wp\/v2\/media\/359"}],"wp:attachment":[{"href":"https:\/\/www.tsv-staffelstein.de\/leichtathletik\/wp-json\/wp\/v2\/media?parent=355"}],"wp:term":[{"taxonomy":"category","embeddable":true,"href":"https:\/\/www.tsv-staffelstein.de\/leichtathletik\/wp-json\/wp\/v2\/categories?post=355"},{"taxonomy":"post_tag","embeddable":true,"href":"https:\/\/www.tsv-staffelstein.de\/leichtathletik\/wp-json\/wp\/v2\/tags?post=355"},{"taxonomy":"post_folder","embeddable":true,"href":"https:\/\/www.tsv-staffelstein.de\/leichtathletik\/wp-json\/wp\/v2\/post_folder?post=355"}],"curies":[{"name":"wp","href":"https:\/\/api.w.org\/{rel}","templated":true}]}}